{"id":460,"date":"2021-08-24T11:08:12","date_gmt":"2021-08-24T09:08:12","guid":{"rendered":"http:\/\/jkatoulouse.com\/word\/?p=460"},"modified":"2021-08-24T11:08:12","modified_gmt":"2021-08-24T09:08:12","slug":"rentree-karate-enfants-st-sernin","status":"publish","type":"post","link":"https:\/\/jkatoulouse.com\/word\/2021\/08\/24\/rentree-karate-enfants-st-sernin\/","title":{"rendered":"Rentr\u00e9e Karat\u00e9 enfants St Sernin"},"content":{"rendered":"<p>Chers parents,<\/p>\n<div class=\"\">La reprise des cours de karat\u00e9 enfants au gymnase de St Sernin est pr\u00e9vue le mardi 7 septembre prochain \u00e0 18h00. Comme chaque ann\u00e9e un dossier d\u2019inscription vous sera transmis lors des premiers cours. Merci d\u2019apporter toute votre attention afin qu\u2019il soit compl\u00e9t\u00e9 et sign\u00e9 tr\u00e8s rapidement. Pour votre information,\u00a0<b class=\"\">le certificat m\u00e9dical d\u2019aptitude \u00e0 la pratique du Karat\u00e9 des mineurs n\u2019est dor\u00e9navant plus obligatoire pour chaque rentr\u00e9e<\/b>. Il faut cependant remplir le questionnaire relatif \u00e0 l\u2019\u00e9tat de sant\u00e9 de votre enfant (annexe 1) et transmettre uniquement au club l\u2019attestation sur l\u2019honneur de r\u00e9ponse du questionnaire (annexe 2)<\/div>\n<div class=\"\">Nous vous souhaitons une tr\u00e8s bonne rentr\u00e9e 2021\/2022.<\/div>\n<div class=\"\">Bien \u00e0 vous,<\/div>\n<div class=\"\"><\/div>\n<div class=\"\">Le Bureau,<\/div>\n<div class=\"\">JKA Toulouse Karat\u00e9<\/div>\n<div class=\"\"><\/div>\n<div class=\"\"><a href=\"http:\/\/jkatoulouse.com\/word\/wp-content\/uploads\/2021\/08\/Annexe-1-QUESTIONNAIRE-A-DESTINATION-DES-LICENCIES-MINEURS-1.pdf\">Annexe 1 &#8211; QUESTIONNAIRE-A-DESTINATION-DES-LICENCIES-MINEURS-1<\/a><\/div>\n<div class=\"\"><\/div>\n<div class=\"\"><a href=\"http:\/\/jkatoulouse.com\/word\/wp-content\/uploads\/2021\/08\/Annexe-2-ATTESTATION-SUR-LHONNEUR-SPORTIF-MINEUR.pdf\">Annexe 2 &#8211; ATTESTATION-SUR-LHONNEUR-SPORTIF-MINEUR<\/a><\/div>\n","protected":false},"excerpt":{"rendered":"<p>Chers parents, La reprise des cours de karat\u00e9 enfants au gymnase de St Sernin est pr\u00e9vue le mardi 7 septembre prochain \u00e0 18h00. Comme chaque<\/p>\n","protected":false},"author":1,"featured_media":0,"comment_status":"closed","ping_status":"open","sticky":false,"template":"","format":"standard","meta":{"footnotes":""},"categories":[1],"tags":[],"class_list":["post-460","post","type-post","status-publish","format-standard","hentry","category-non-classe"],"_links":{"self":[{"href":"https:\/\/jkatoulouse.com\/word\/wp-json\/wp\/v2\/posts\/460","targetHints":{"allow":["GET"]}}],"collection":[{"href":"https:\/\/jkatoulouse.com\/word\/wp-json\/wp\/v2\/posts"}],"about":[{"href":"https:\/\/jkatoulouse.com\/word\/wp-json\/wp\/v2\/types\/post"}],"author":[{"embeddable":true,"href":"https:\/\/jkatoulouse.com\/word\/wp-json\/wp\/v2\/users\/1"}],"replies":[{"embeddable":true,"href":"https:\/\/jkatoulouse.com\/word\/wp-json\/wp\/v2\/comments?post=460"}],"version-history":[{"count":1,"href":"https:\/\/jkatoulouse.com\/word\/wp-json\/wp\/v2\/posts\/460\/revisions"}],"predecessor-version":[{"id":463,"href":"https:\/\/jkatoulouse.com\/word\/wp-json\/wp\/v2\/posts\/460\/revisions\/463"}],"wp:attachment":[{"href":"https:\/\/jkatoulouse.com\/word\/wp-json\/wp\/v2\/media?parent=460"}],"wp:term":[{"taxonomy":"category","embeddable":true,"href":"https:\/\/jkatoulouse.com\/word\/wp-json\/wp\/v2\/categories?post=460"},{"taxonomy":"post_tag","embeddable":true,"href":"https:\/\/jkatoulouse.com\/word\/wp-json\/wp\/v2\/tags?post=460"}],"curies":[{"name":"wp","href":"https:\/\/api.w.org\/{rel}","templated":true}]}}